{"id":1309,"date":"2019-01-29T21:38:52","date_gmt":"2019-01-29T20:38:52","guid":{"rendered":"https:\/\/kkz.edu.pl\/aktualnosci\/?p=1309"},"modified":"2024-06-26T13:22:46","modified_gmt":"2024-06-26T11:22:46","slug":"kurs-technik-uslug-kosmetycznych-au-61-i-au-62-dawniej-a-61-i-a-62","status":"publish","type":"post","link":"https:\/\/kkz.edu.pl\/aktualnosci\/kurs-technik-uslug-kosmetycznych-au-61-i-au-62-dawniej-a-61-i-a-62\/","title":{"rendered":"Kurs Technik Us\u0142ug Kosmetycznych AU.61 i AU.62 (dawniej A.61 i A.62)"},"content":{"rendered":"<p>Wi\u0119cej informacji na temat kursu znajdziesz na stronie: <a href=\"https:\/\/kkz.edu.pl\/kursy\/199\/technik-uslug-kosmetycznych-514207-kurs-kwalifikacyjny-zawodowy-au61--au62-\"><a href=\"https:\/\/kkz.edu.pl\/kursy\/199\/technik-us\u0142ug-kosmetycznych-514207-kurs-kwalifikacyjny-zawodowy-au61--au62-\/src-BlogKosmet\">https:\/\/kkz.edu.pl\/kursy\/199\/technik-us\u0142ug-kosmetycznych-514207-kurs-kwalifikacyjny-zawodowy-au61--au62-\/src-BlogKosmet<\/a><\/a><\/p>\n<p>Technik us\u0142ug kosmetycznych cz\u0119sto jest mylony z zawodem kosmetyczki. Jest to jednak spory b\u0142\u0105d, poniewa\u017c technik us\u0142ug kosmetycznych cechuje si\u0119 znacznie wy\u017cszymi kwalifikacjami zawodowymi, a zakres jego obowi\u0105zk\u00f3w w pracy jest znacznie szerszy. Osoba zatrudniona na takim stanowisku zajmuje si\u0119 nie tylko wykonywaniem zabieg\u00f3w piel\u0119gnacyjnych oraz upi\u0119kszaj\u0105cych z wykorzystaniem r\u00f3\u017cnorodnych specyfik\u00f3w oraz urz\u0105dze\u0144 i akcesori\u00f3w, ale r\u00f3wnie\u017c przeprowadza diagnoz\u0119 kosmetyczn\u0105 i udziela porad w zakresie odpowiedniej piel\u0119gnacji sk\u00f3ry ca\u0142ego cia\u0142a (nie tylko twarzy).<\/p>\n<p>Praca technika us\u0142ug kosmetycznych jest bardzo odpowiedzialna i wymagaj\u0105ca &#8211; nie tylko ze wzgl\u0119du na fakt, \u017ce pracownik powinien posiada\u0107 du\u017c\u0105 wiedz\u0119 teoretyczn\u0105 i praktyczn\u0105, ale r\u00f3wnie\u017c wiedz\u0119 z zakresu higieny i bezpiecze\u0144stwa pracy oraz podstaw medycyny. Specyfika zawodu zwi\u0105zana jest r\u00f3wnie\u017c z nieustannym kontaktem z lud\u017ami, dlatego te\u017c bardzo wa\u017cne s\u0105 wysokie umiej\u0119tno\u015bci komunikacyjne oraz dobre nastawienie do pracy. Warto tak\u017ce nieustannie poszerza\u0107 swoj\u0105 wiedz\u0119, poniewa\u017c na rynku co chwila pojawiaj\u0105 si\u0119 nowe kosmetyki i urz\u0105dzenia do zabieg\u00f3w kosmetycznych. Zaw\u00f3d ten regulowany jest przez kwestie prawne &#8211; <strong>osoba zatrudniona na stanowisku technika us\u0142ug kosmetycznych lub prowadz\u0105ca w\u0142asny gabinet kosmetyczny powinna posiada\u0107 odpowiednie kwalifikacje oraz tytu\u0142 zawodowy<\/strong>.<\/p>\n<p><strong>Odpowiednie kwalifikacje zawodowe mo\u017cna uzyska\u0107 na specjalistycznym kursie &#8211; jest on dost\u0119pny mi\u0119dzy innymi w ofercie Zespo\u0142u Szk\u00f3\u0142 KKZ<\/strong>. Szkolenia realizowane przez t\u0119 jednostk\u0119 prowadzone s\u0105 w spos\u00f3b internetowy i wykorzystuj\u0105 nowoczesn\u0105 platform\u0119 do nauki zdalnej (panel e-learningowy). W trakcie kursu realizowana jest podstawa programowa zgodna z wytycznymi MEN. Osoba b\u0119d\u0105ca absolwentem kursu uzyskuje kwalifikacje wed\u0142ug nowej podstawy programowej w zakresie <strong>wykonywanie zabieg\u00f3w kosmetycznych twarzy (Kurs AU.61)<\/strong> i<strong> wykonywanie zabieg\u00f3w kosmetycznych cia\u0142a, d\u0142oni i st\u00f3p (Kurs AU.62)<\/strong>. Dawniej (wed\u0142ug starej podstawy programowej) by\u0142y to kwalifikacje oznaczone odpowiednio kodem Kurs A.61 i Kurs A.62.<\/p>\n<p>W trakcie kursu technika us\u0142ug kosmetycznych, realizowanego przez Szko\u0142y KKZ, poruszane s\u0105 zar\u00f3wno tre\u015bci teoretyczne, jak i praktyczne, co pozwala na kompleksowe przygotowanie uczestnika kursu do pe\u0142nienia tego zawodu i sprostania wszystkim zawodowym wyzwaniom oraz obowi\u0105zkom. Szkolenie prowadzone jest spos\u00f3b profesjonalny, a za przygotowanie materia\u0142u dydaktycznego odpowiada wykwalifikowana kadra pracownik\u00f3w i specjalist\u00f3w w bran\u017cy. Kurs technika us\u0142ug kosmetycznych posiada certyfikat ISO m\u00f3wi\u0105cy o wysokiej jako\u015bci kszta\u0142cenia. Efektywno\u015b\u0107 nauki i dobre przygotowanie zawodowe potwierdzaj\u0105 r\u00f3wnie\u017c pozytywne recenzje i opinie, przedstawione przez absolwent\u00f3w tego kursu.<\/p>\n","protected":false},"excerpt":{"rendered":"<p>Wi\u0119cej informacji na temat kursu znajdziesz na stronie: Technik us\u0142ug kosmetycznych cz\u0119sto jest mylony z zawodem kosmetyczki. Jest to jednak spory b\u0142\u0105d, poniewa\u017c technik us\u0142ug kosmetycznych cechuje si\u0119 znacznie wy\u017cszymi kwalifikacjami zawodowymi, a zakres jego obowi\u0105zk\u00f3w w pracy jest znacznie szerszy. Osoba zatrudniona na takim stanowisku zajmuje si\u0119 nie tylko wykonywaniem zabieg\u00f3w piel\u0119gnacyjnych oraz upi\u0119kszaj\u0105cych [&hellip;]<\/p>\n","protected":false},"author":1,"featured_media":1310,"comment_status":"closed","ping_status":"closed","sticky":false,"template":"","format":"standard","meta":{"_lmt_disableupdate":"","_lmt_disable":"","footnotes":""},"categories":[3862],"tags":[2662,2663,2665,2664,2657,2658,2655,2656,2654,2660,2595,856,2548,854,1642,2659,2661],"class_list":["post-1309","post","type-post","status-publish","format-standard","has-post-thumbnail","hentry","category-branza-beauty","tag-kosmetyczka","tag-kosmetyka-ciala","tag-kosmetyka-dloni-i-stop","tag-kosmetyka-twarzy","tag-kurs-a-61","tag-kurs-a-62","tag-kurs-au-61","tag-kurs-au-62","tag-kurs-technik-uslug-kosmetycznych","tag-kurs-technik-uslug-kosmetycznych-online","tag-kurs-zawodowy","tag-kursy-e-learningowe","tag-kursy-kwalifikacyjne","tag-kursy-online","tag-szkolenia-online","tag-technik-uslug-kosmetycznych","tag-uslugi-kosmetyczne"],"aioseo_notices":[],"modified_by":"digital","_links":{"self":[{"href":"https:\/\/kkz.edu.pl\/aktualnosci\/wp-json\/wp\/v2\/posts\/1309","targetHints":{"allow":["GET"]}}],"collection":[{"href":"https:\/\/kkz.edu.pl\/aktualnosci\/wp-json\/wp\/v2\/posts"}],"about":[{"href":"https:\/\/kkz.edu.pl\/aktualnosci\/wp-json\/wp\/v2\/types\/post"}],"author":[{"embeddable":true,"href":"https:\/\/kkz.edu.pl\/aktualnosci\/wp-json\/wp\/v2\/users\/1"}],"replies":[{"embeddable":true,"href":"https:\/\/kkz.edu.pl\/aktualnosci\/wp-json\/wp\/v2\/comments?post=1309"}],"version-history":[{"count":4,"href":"https:\/\/kkz.edu.pl\/aktualnosci\/wp-json\/wp\/v2\/posts\/1309\/revisions"}],"predecessor-version":[{"id":1687,"href":"https:\/\/kkz.edu.pl\/aktualnosci\/wp-json\/wp\/v2\/posts\/1309\/revisions\/1687"}],"wp:featuredmedia":[{"embeddable":true,"href":"https:\/\/kkz.edu.pl\/aktualnosci\/wp-json\/wp\/v2\/media\/1310"}],"wp:attachment":[{"href":"https:\/\/kkz.edu.pl\/aktualnosci\/wp-json\/wp\/v2\/media?parent=1309"}],"wp:term":[{"taxonomy":"category","embeddable":true,"href":"https:\/\/kkz.edu.pl\/aktualnosci\/wp-json\/wp\/v2\/categories?post=1309"},{"taxonomy":"post_tag","embeddable":true,"href":"https:\/\/kkz.edu.pl\/aktualnosci\/wp-json\/wp\/v2\/tags?post=1309"}],"curies":[{"name":"wp","href":"https:\/\/api.w.org\/{rel}","templated":true}]}}