{"id":1512,"date":"2019-02-27T23:43:50","date_gmt":"2019-02-27T22:43:50","guid":{"rendered":"https:\/\/kkz.edu.pl\/aktualnosci\/?p=1512"},"modified":"2024-06-26T12:33:19","modified_gmt":"2024-06-26T10:33:19","slug":"kurs-fryzjer-au-21-dawniej-a-19","status":"publish","type":"post","link":"https:\/\/kkz.edu.pl\/aktualnosci\/kurs-fryzjer-au-21-dawniej-a-19\/","title":{"rendered":"Kurs fryzjer AU.21 (dawniej A.19)"},"content":{"rendered":"<p>Wi\u0119cej informacji na temat kursu znajdziesz na stronie: <a href=\"https:\/\/kkz.edu.pl\/kursy\/221\/fryzjer-514101-kurs-kwalifikacyjny-zawodowy-au21\"><a href=\"https:\/\/kkz.edu.pl\/kursy\/221\/fryzjer-514101-kurs-kwalifikacyjny-zawodowy-au21\/src-BlogFryzjer\">https:\/\/kkz.edu.pl\/kursy\/221\/fryzjer-514101-kurs-kwalifikacyjny-zawodowy-au21\/src-BlogFryzjer<\/a><\/a><\/p>\n<p>Zaw\u00f3d fryzjera od lat wpisuje si\u0119 w kanon najpopularniejszych zawod\u00f3w &#8211; na ten fakt wp\u0142ywa przede wszystkim bardzo du\u017ce zainteresowanie ze strony konsument\u00f3w, poniewa\u017c zak\u0142ad fryzjerski jest miejscem, kt\u00f3re wi\u0119kszo\u015b\u0107 os\u00f3b odwiedza do\u015b\u0107 regularnie. Podobno dobry i zaufany fryzjer jest jak najlepszy przyjaciel &#8211; w ko\u0144cu to w\u0142a\u015bnie dzi\u0119ki niemu mo\u017cna prezentowa\u0107 si\u0119 dobrze i zmieni\u0107 co\u015b w swoim wygl\u0105dzie. Farbowanie w\u0142os\u00f3w, fantazyjne upi\u0119cia na wi\u0119ksze okoliczno\u015bci i \u015bcinanie w\u0142os\u00f3w to g\u0142\u00f3wnie tego wi\u0119kszo\u015b\u0107 klient\u00f3w oczekuje od swoich fryzjer\u00f3w. Liczne zmiany w trendach i w modzie, nowe kosmetyki i akcesoria dost\u0119pne w bran\u017cy fryzjerskiej sprawiaj\u0105, \u017ce ka\u017cdy fryzjer powinien charakteryzowa\u0107 si\u0119 wysokimi kwalifikacjami oraz nieustannie poszerza\u0107 swoj\u0105 wiedz\u0119 na temat wykonywanego zawodu.<\/p>\n<p>Aby m\u00f3c dobrze sprawdza\u0107 si\u0119 w roli fryzjera niezb\u0119dne jest posiadanie odpowiednich kwalifikacji zawodowych, kt\u00f3re mo\u017cna zdoby\u0107 poprzez uczestnictwo w specjalistycznym kursie przygotowuj\u0105cym do pe\u0142nienia tego zawodu. Dobrym rozwi\u0105zaniem (przede wszystkim ze wzgl\u0119du na wygod\u0119 oraz stosunkowo kr\u00f3tki czas trwania nauki w por\u00f3wnaniu do szk\u00f3\u0142 policealnych) jest skorzystanie z oferty internetowego kursu na fryzjera, kt\u00f3ry jest dost\u0119pny mi\u0119dzy innymi w ofercie Zespo\u0142u Szk\u00f3\u0142 KKZ. Kurs charakteryzuje si\u0119 wysok\u0105 jako\u015bci\u0105 kszta\u0142cenia, a nauka odbywa si\u0119 za pomoc\u0105 platformy do szkole\u0144 zdalnych (tak zwanego e-learningu). Dzi\u0119ki temu ka\u017cdy uczestnik kursu otrzymuje dost\u0119p do wiedzy praktycznej i teoretycznej, a nauk\u0119 mo\u017ce swobodnie dopasowa\u0107 do swoich potrzeb oraz preferencji i innych obowi\u0105zk\u00f3w (pracy czy \u017cycia prywatnego).<\/p>\n<p>Kurs fryzjer realizowany przez Szko\u0142y KKZ pozwala na uzyskanie kwalifikacji zawodowych w zakresie wykonywanie zabieg\u00f3w fryzjerskich (wed\u0142ug nowej podstawy programowej kod kwalifikacji Kurs AU.21, a dawniej &#8211; wed\u0142ug starej podstawy programowej Kurs A.19). Kurs kompleksowo przygotowuje do pe\u0142nienia zawodu, a realizowana podstawa programowa jest zgodna z aktualnie obowi\u0105zuj\u0105cymi wytycznymi Ministerstwa Edukacji Narodowej. Szkolenia realizowane przez Zesp\u00f3\u0142 Szk\u00f3\u0142 KKZ posiadaj\u0105 certyfikaty ISO, kt\u00f3re wraz z pozytywnymi recenzjami zadowolonych absolwent\u00f3w kurs\u00f3w \u015bwiadcz\u0105 o wysokim profesjonalizmie oraz wysokiej jako\u015bci kszta\u0142cenia oraz efektywno\u015bci nauki.<\/p>\n<p>Kwalifikacje zawodowe uzyskane w szkoleniu potwierdzone s\u0105 stosownymi dokumentami (m.in. za\u015bwiadczeniem wydanym zgodnie z rozporz\u0105dzeniem MEN oraz za\u015bwiadczeniem renomowanej instytucji o\u015bwiatowej jak\u0105 s\u0105 Szko\u0142y KKZ). Dzi\u0119ki pozyskanym umiej\u0119tno\u015bciom i kompetencjom zawodowym ka\u017cdy absolwent kursu mo\u017ce podj\u0105\u0107 prac\u0119 w wybranym zak\u0142adzie lub salonie fryzjerskim lub zdecydowa\u0107 si\u0119 na otworzenie w\u0142asnej dzia\u0142alno\u015bci w bran\u017cy.<\/p>\n","protected":false},"excerpt":{"rendered":"<p>Wi\u0119cej informacji na temat kursu znajdziesz na stronie: Zaw\u00f3d fryzjera od lat wpisuje si\u0119 w kanon najpopularniejszych zawod\u00f3w &#8211; na ten fakt wp\u0142ywa przede wszystkim bardzo du\u017ce zainteresowanie ze strony konsument\u00f3w, poniewa\u017c zak\u0142ad fryzjerski jest miejscem, kt\u00f3re wi\u0119kszo\u015b\u0107 os\u00f3b odwiedza do\u015b\u0107 regularnie. Podobno dobry i zaufany fryzjer jest jak najlepszy przyjaciel &#8211; w ko\u0144cu to [&hellip;]<\/p>\n","protected":false},"author":1,"featured_media":1513,"comment_status":"closed","ping_status":"closed","sticky":false,"template":"","format":"standard","meta":{"_lmt_disableupdate":"","_lmt_disable":"","footnotes":""},"categories":[3862],"tags":[2982,2983,2984,2978,2977,2981,2976,2979,2595,2980,856,2985,2548,854,1642],"class_list":{"0":"post-1512","1":"post","2":"type-post","3":"status-publish","4":"format-standard","5":"has-post-thumbnail","6":"hentry","7":"category-branza-beauty","8":"tag-fryzjer","9":"tag-fryzjer-kurs","10":"tag-fryzjer-praca","11":"tag-kurs-a-19","12":"tag-kurs-au-21","13":"tag-kurs-dla-fryzjerki","14":"tag-kurs-fryzjer-au-21","15":"tag-kurs-fryzjer-online","16":"tag-kurs-zawodowy","18":"tag-kursy-e-learningowe","19":"tag-kursy-fryzjerstwa","20":"tag-kursy-kwalifikacyjne","21":"tag-kursy-online","22":"tag-szkolenia-online"},"aioseo_notices":[],"modified_by":"digital","_links":{"self":[{"href":"https:\/\/kkz.edu.pl\/aktualnosci\/wp-json\/wp\/v2\/posts\/1512","targetHints":{"allow":["GET"]}}],"collection":[{"href":"https:\/\/kkz.edu.pl\/aktualnosci\/wp-json\/wp\/v2\/posts"}],"about":[{"href":"https:\/\/kkz.edu.pl\/aktualnosci\/wp-json\/wp\/v2\/types\/post"}],"author":[{"embeddable":true,"href":"https:\/\/kkz.edu.pl\/aktualnosci\/wp-json\/wp\/v2\/users\/1"}],"replies":[{"embeddable":true,"href":"https:\/\/kkz.edu.pl\/aktualnosci\/wp-json\/wp\/v2\/comments?post=1512"}],"version-history":[{"count":2,"href":"https:\/\/kkz.edu.pl\/aktualnosci\/wp-json\/wp\/v2\/posts\/1512\/revisions"}],"predecessor-version":[{"id":1748,"href":"https:\/\/kkz.edu.pl\/aktualnosci\/wp-json\/wp\/v2\/posts\/1512\/revisions\/1748"}],"wp:featuredmedia":[{"embeddable":true,"href":"https:\/\/kkz.edu.pl\/aktualnosci\/wp-json\/wp\/v2\/media\/1513"}],"wp:attachment":[{"href":"https:\/\/kkz.edu.pl\/aktualnosci\/wp-json\/wp\/v2\/media?parent=1512"}],"wp:term":[{"taxonomy":"category","embeddable":true,"href":"https:\/\/kkz.edu.pl\/aktualnosci\/wp-json\/wp\/v2\/categories?post=1512"},{"taxonomy":"post_tag","embeddable":true,"href":"https:\/\/kkz.edu.pl\/aktualnosci\/wp-json\/wp\/v2\/tags?post=1512"}],"curies":[{"name":"wp","href":"https:\/\/api.w.org\/{rel}","templated":true}]}}