{"id":1518,"date":"2019-02-28T23:12:52","date_gmt":"2019-02-28T22:12:52","guid":{"rendered":"https:\/\/kkz.edu.pl\/aktualnosci\/?p=1518"},"modified":"2024-09-19T12:25:05","modified_gmt":"2024-09-19T10:25:05","slug":"kurs-fryzjer-au-21-wroclaw","status":"publish","type":"post","link":"https:\/\/kkz.edu.pl\/aktualnosci\/kurs-fryzjer-au-21-wroclaw\/","title":{"rendered":"Kurs fryzjer AU.21 Wroc\u0142aw"},"content":{"rendered":"<p>Wi\u0119cej informacji na temat kursu znajdziesz na stronie: <a href=\"https:\/\/kkz.edu.pl\/kursy\/221\/fryzjer-514101-kurs-kwalifikacyjny-zawodowy-au21\"><a href=\"https:\/\/kkz.edu.pl\/kursy\/221\/fryzjer-514101-kurs-kwalifikacyjny-zawodowy-au21\/src-BlogWroc\u0142aw\">https:\/\/kkz.edu.pl\/kursy\/221\/fryzjer-514101-kurs-kwalifikacyjny-zawodowy-au21\/src-BlogWroc\u0142aw<\/a><\/a><\/p>\n<p>Fryzjer jest bardzo popularnym zawodem, z kt\u00f3rego us\u0142ug ka\u017cdego dnia korzysta wiele os\u00f3b. Nic w tym dziwnego, poniewa\u017c obecnie w modzie jest dbanie o sw\u00f3j wygl\u0105d oraz \u015bwietnie prezentuj\u0105c\u0105 si\u0119 fryzur\u0119. W salonie fryzjerskim mo\u017cna dokona\u0107 koloryzacji w\u0142os\u00f3w, czyli potocznie m\u00f3wi\u0105c farbowania lub delikatnych refleks\u00f3w, podci\u0105\u0107 ko\u0144c\u00f3wki czy diametralnie zmieni\u0107 sw\u00f3j wygl\u0105d stawiaj\u0105c na fantazyjne ci\u0119cie czy upi\u0105\u0107 w\u0142osy z okazji imprezy rodzinnej czy okoliczno\u015bciowej.<\/p>\n<p>Ze wzgl\u0119du na bardzo pr\u0119\u017cnie zmieniaj\u0105ce si\u0119 trendy, ka\u017cdy fryzjer powinien nieustannie poszerza\u0107 swoje umiej\u0119tno\u015bci oraz kompetencje zawodowe &#8211; w bran\u017cy fryzjerskiej ci\u0105gle pojawiaj\u0105 si\u0119 nowe sposoby, na przyk\u0142ad farbowania w\u0142os\u00f3w oraz nowe kosmetyki czy produkty do stylizacji. Wszystko to sprawia \u017ce bran\u017ca fryzjerska jest bardzo wymagaj\u0105ca, a ka\u017cdy fryzjer, kt\u00f3ry chce utrzyma\u0107 si\u0119 w zawodzie powinien stawia\u0107 na dodatkowe szkolenia oraz kursy.<\/p>\n<p>Aby m\u00f3c w og\u00f3le pracowa\u0107 w zawodzie fryzjera nale\u017cy posiada\u0107 okre\u015blone dla zawodu kwalifikacje. Mo\u017cna je zdoby\u0107 na przyk\u0142ad uczestnicz\u0105c w profesjonalnym kursie kwalifikacyjnym na stanowisko fryzjera &#8211; jest to bardzo dobre rozwi\u0105zanie, kt\u00f3re pozwala zaoszcz\u0119dzi\u0107 sporo czasu w przeciwie\u0144stwie do nauki w szko\u0142ach policealnych. W ostatnim czasie tego typu kurs na fryzjera odby\u0142 si\u0119 mi\u0119dzy innymi na terenie Wroc\u0142awia. Niestety ze wzgl\u0119du na lokalizacj\u0119 z pewno\u015bci\u0105 nie mog\u0142y skorzysta\u0107 z niego osoby zamieszkuj\u0105ce inne miasta czy mniejsze miasteczka w Polsce. Dobrym rozwi\u0105zaniem jest wi\u0119c poszukiwanie kursu zdalnego, kt\u00f3ry oferuje kszta\u0142cenie za pomoc\u0105 wygodnej i bardzo funkcjonalnej platformy e-learningowej.<\/p>\n<p>W\u015br\u00f3d polecanych kurs\u00f3w znajduje si\u0119 profesjonalny kurs na fryzjera dost\u0119pny w ofercie Zespo\u0142u Szk\u00f3\u0142 KKZ, gdzie nauka odbywa si\u0119 w spos\u00f3b internetowy oraz trwa kilka miesi\u0119cy. Kurs pozwala na zdobycie kwalifikacji zawodowych, kt\u00f3re wed\u0142ug nowej podstawy programowej s\u0105 okre\u015blane kodem Kurs AU.21 i pozwalaj\u0105 uzyska\u0107 kompetencje zawodowe w zakresie wykonywania zabieg\u00f3w fryzjerskich. Kurs na fryzjera przygotowany jest przez specjalist\u00f3w i dlatego te\u017c kompleksowo przygotowuje kursant\u00f3w do pe\u0142nienia zawodu. Kurs posiada certyfikat ISO oraz inne certyfikaty, kt\u00f3re po\u015bwiadczaj\u0105 wysok\u0105 jako\u015b\u0107 oraz profesjonalizm. Dodatkowo szkolenie prowadzone jest zgodnie z podstaw\u0105 programow\u0105 Ministerstwa Edukacji Narodowej oraz realizuje wskazane przez t\u0119 instytucj\u0119 wytyczne. Dzi\u0119ki temu ka\u017cdy uczestnik kursu mo\u017ce mie\u0107 pewno\u015b\u0107, \u017ce wzi\u0119cie udzia\u0142u w kursie jest warto\u015bciowe oraz pozwala uzyska\u0107 wymarzon\u0105 prac\u0119 w zawodzie fryzjera &#8211; zatrudniaj\u0105c si\u0119 u kogo\u015b lub zak\u0142adaj\u0105c w\u0142asn\u0105 dzia\u0142alno\u015b\u0107 gospodarcz\u0105.<\/p>\n","protected":false},"excerpt":{"rendered":"<p>Wi\u0119cej informacji na temat kursu znajdziesz na stronie: Fryzjer jest bardzo popularnym zawodem, z kt\u00f3rego us\u0142ug ka\u017cdego dnia korzysta wiele os\u00f3b. Nic w tym dziwnego, poniewa\u017c obecnie w modzie jest dbanie o sw\u00f3j wygl\u0105d oraz \u015bwietnie prezentuj\u0105c\u0105 si\u0119 fryzur\u0119. W salonie fryzjerskim mo\u017cna dokona\u0107 koloryzacji w\u0142os\u00f3w, czyli potocznie m\u00f3wi\u0105c farbowania lub delikatnych refleks\u00f3w, podci\u0105\u0107 ko\u0144c\u00f3wki [&hellip;]<\/p>\n","protected":false},"author":1,"featured_media":1519,"comment_status":"closed","ping_status":"closed","sticky":false,"template":"","format":"standard","meta":{"_lmt_disableupdate":"","_lmt_disable":"","footnotes":""},"categories":[3862],"tags":[2982,2977,2988,2979,2989,2595,2980,2548,854,1711,1056,2991,2990,2338],"class_list":{"0":"post-1518","1":"post","2":"type-post","3":"status-publish","4":"format-standard","5":"has-post-thumbnail","6":"hentry","7":"category-branza-beauty","8":"tag-fryzjer","9":"tag-kurs-au-21","10":"tag-kurs-fryzjer-au-21-wroclaw","11":"tag-kurs-fryzjer-online","12":"tag-kurs-fryzjer-wroclaw","13":"tag-kurs-zawodowy","15":"tag-kursy-kwalifikacyjne","16":"tag-kursy-online","17":"tag-kursy-we-wroclawiu","18":"tag-wroclaw","19":"tag-wroclaw-fryzjer","20":"tag-wroclaw-kurs-fryzjer","21":"tag-wroclaw-praca"},"aioseo_notices":[],"modified_by":"digital","_links":{"self":[{"href":"https:\/\/kkz.edu.pl\/aktualnosci\/wp-json\/wp\/v2\/posts\/1518","targetHints":{"allow":["GET"]}}],"collection":[{"href":"https:\/\/kkz.edu.pl\/aktualnosci\/wp-json\/wp\/v2\/posts"}],"about":[{"href":"https:\/\/kkz.edu.pl\/aktualnosci\/wp-json\/wp\/v2\/types\/post"}],"author":[{"embeddable":true,"href":"https:\/\/kkz.edu.pl\/aktualnosci\/wp-json\/wp\/v2\/users\/1"}],"replies":[{"embeddable":true,"href":"https:\/\/kkz.edu.pl\/aktualnosci\/wp-json\/wp\/v2\/comments?post=1518"}],"version-history":[{"count":2,"href":"https:\/\/kkz.edu.pl\/aktualnosci\/wp-json\/wp\/v2\/posts\/1518\/revisions"}],"predecessor-version":[{"id":1750,"href":"https:\/\/kkz.edu.pl\/aktualnosci\/wp-json\/wp\/v2\/posts\/1518\/revisions\/1750"}],"wp:featuredmedia":[{"embeddable":true,"href":"https:\/\/kkz.edu.pl\/aktualnosci\/wp-json\/wp\/v2\/media\/1519"}],"wp:attachment":[{"href":"https:\/\/kkz.edu.pl\/aktualnosci\/wp-json\/wp\/v2\/media?parent=1518"}],"wp:term":[{"taxonomy":"category","embeddable":true,"href":"https:\/\/kkz.edu.pl\/aktualnosci\/wp-json\/wp\/v2\/categories?post=1518"},{"taxonomy":"post_tag","embeddable":true,"href":"https:\/\/kkz.edu.pl\/aktualnosci\/wp-json\/wp\/v2\/tags?post=1518"}],"curies":[{"name":"wp","href":"https:\/\/api.w.org\/{rel}","templated":true}]}}