{"id":1521,"date":"2019-02-28T23:20:07","date_gmt":"2019-02-28T22:20:07","guid":{"rendered":"https:\/\/kkz.edu.pl\/aktualnosci\/?p=1521"},"modified":"2024-09-19T12:33:42","modified_gmt":"2024-09-19T10:33:42","slug":"fryzjer-kwalifikacje","status":"publish","type":"post","link":"https:\/\/kkz.edu.pl\/aktualnosci\/fryzjer-kwalifikacje\/","title":{"rendered":"Fryzjer kwalifikacje"},"content":{"rendered":"<p>Wi\u0119cej informacji na temat kursu znajdziesz na stronie: <a href=\"https:\/\/kkz.edu.pl\/kursy\/221\/fryzjer-514101-kurs-kwalifikacyjny-zawodowy-au21\"><a href=\"https:\/\/kkz.edu.pl\/kursy\/221\/fryzjer-514101-kurs-kwalifikacyjny-zawodowy-au21\/src-BlogKwalif\">https:\/\/kkz.edu.pl\/kursy\/221\/fryzjer-514101-kurs-kwalifikacyjny-zawodowy-au21\/src-BlogKwalif<\/a><\/a><\/p>\n<p>Praca w bran\u017cy fryzjerskiej uznawana jest powszechnie za bardzo ciekaw\u0105, ale wymaga r\u00f3wnie\u017c du\u017cej odpowiedzialno\u015bci i pasji do dzia\u0142ania. W tej pracy doskonale sprawdz\u0105 si\u0119 osoby, kt\u00f3re cechuj\u0105 si\u0119 du\u017c\u0105 kreatywno\u015bci\u0105 oraz wyczuciem estetyki &#8211; wielu umiej\u0119tno\u015bci mo\u017cna si\u0119 jednak po prostu nauczy\u0107, po\u015bwi\u0119caj\u0105c temu sporo czasu i zaanga\u017cowania. Niew\u0105tpliw\u0105 zalet\u0105 zawodu jest bardzo du\u017ce zapotrzebowanie polskiego rynku na wykwalifikowanych pracownik\u00f3w w tej bran\u017cy. Ka\u017cda osoba z tytu\u0142em fryzjera z pewno\u015bci\u0105 nie b\u0119dzie mog\u0142a narzeka\u0107 na brak ofert pracy &#8211; zatrudnienie mo\u017cna znale\u017a\u0107 w salonach i zak\u0142adach fryzjerskich, a tak\u017ce decyduj\u0105c si\u0119 na za\u0142o\u017cenie w\u0142asnej dzia\u0142alno\u015bci gospodarczej. Daje to bardzo szerokie perspektywy zawodowe, a tak\u017ce stabilne warunki finansowe, co dla wielu ludzi jest najwa\u017cniejsz\u0105 zalet\u0105 pracy fryzjera.<\/p>\n<p>Kwalifikacje niezb\u0119dne w zawodzie mo\u017cna uzyska\u0107 w trakcie specjalistycznego kursu dost\u0119pnego w ofercie Zespo\u0142u Szk\u00f3\u0142 KKZ. Ten profesjonalny podmiot realizuj\u0105cy szkolenia wpisany do ewidencji plac\u00f3wek o\u015bwiatowych daje swoim kursantom mo\u017cliwo\u015b\u0107 wzi\u0119cia udzia\u0142u w kursie internetowym na stanowisku fryzjera, kt\u00f3ry kompleksowo przygotowuje do pe\u0142nienia zawodu. Nauka odbywa si\u0119 poprzez specjalistyczn\u0105 i nowoczesn\u0105 (a przy tym bardzo \u0142atw\u0105 w obs\u0142udze) platform\u0119 do e-learningu. Zaj\u0119cia s\u0105 przygotowane zar\u00f3wno pod k\u0105tem praktycznym, jak i teoretycznym, co pozwala na zdobycie wiedzy na temat r\u00f3\u017cnorodnej pracy z w\u0142osami klienta (pocz\u0105wszy od dopasowywania fryzury do kszta\u0142tu twarzy, metody \u015bcinania w\u0142os\u00f3w, dokonywania koloryzacji czy tworzenia fantazyjnych upi\u0119\u0107) oraz daje mo\u017cliwo\u015b\u0107 szlifowania swoich umiej\u0119tno\u015bci.<\/p>\n<p>Kurs fryzjer realizowany przez Szko\u0142y KKZ pozwala uzyska\u0107 kwalifikacje w zakresie wykonywania zabieg\u00f3w fryzjerskich &#8211; wed\u0142ug nowej podstawy programowej s\u0105 to kwalifikacje zawodowe okre\u015blane kodem Kurs AU.21 (dawniej Kurs A.19). Patronem szkolenia jest Ministerstwo Edukacji Narodowej, co jest mo\u017cliwe tylko ze wzgl\u0119du na fakt, \u017ce kurs spe\u0142nia bardzo restrykcyjne standardy wzgl\u0119dem kszta\u0142cenia zawodowego &#8211; m.in. posiada certyfikat ISO oraz realizuje okre\u015blon\u0105 podstaw\u0119 programow\u0105.<\/p>\n<p>Kurs na fryzjera pozwala nie tylko zdoby\u0107 uprawnienia do wykonywania zawodu, ale otwiera r\u00f3wnie\u017c przed kursantami szerokie perspektywy dalszego rozwoju oraz pracy zawodowej &#8211; fakt ten potwierdzaj\u0105 osi\u0105gni\u0119cia absolwent\u00f3w szkole\u0144. Niew\u0105tpliw\u0105 zalet\u0105 kursu kwalifikacyjnego dost\u0119pnego w ofercie Zespo\u0142u Szk\u00f3\u0142 KKZ jest mo\u017cliwo\u015b\u0107 swobodnego dopasowania trybu i formy nauki do indywidualnych potrzeb ka\u017cdego uczestnika, a tak\u017ce kr\u00f3tki bardzo optymalny okres trwania szkolenia (zazwyczaj kilka miesi\u0119cy &#8211; w przeciwie\u0144stwie do szk\u00f3\u0142 policealnych, gdzie nauka trwa minimum 2 lata).<\/p>\n","protected":false},"excerpt":{"rendered":"<p>Wi\u0119cej informacji na temat kursu znajdziesz na stronie: Praca w bran\u017cy fryzjerskiej uznawana jest powszechnie za bardzo ciekaw\u0105, ale wymaga r\u00f3wnie\u017c du\u017cej odpowiedzialno\u015bci i pasji do dzia\u0142ania. W tej pracy doskonale sprawdz\u0105 si\u0119 osoby, kt\u00f3re cechuj\u0105 si\u0119 du\u017c\u0105 kreatywno\u015bci\u0105 oraz wyczuciem estetyki &#8211; wielu umiej\u0119tno\u015bci mo\u017cna si\u0119 jednak po prostu nauczy\u0107, po\u015bwi\u0119caj\u0105c temu sporo czasu [&hellip;]<\/p>\n","protected":false},"author":1,"featured_media":1522,"comment_status":"closed","ping_status":"closed","sticky":false,"template":"","format":"standard","meta":{"_lmt_disableupdate":"","_lmt_disable":"","footnotes":""},"categories":[3862],"tags":[2982,2992,2984,2978,2977,2979,2595,2980,2548,854,2555,1642,2993],"class_list":{"0":"post-1521","1":"post","2":"type-post","3":"status-publish","4":"format-standard","5":"has-post-thumbnail","6":"hentry","7":"category-branza-beauty","8":"tag-fryzjer","9":"tag-fryzjer-kwalifikacje","10":"tag-fryzjer-praca","11":"tag-kurs-a-19","12":"tag-kurs-au-21","13":"tag-kurs-fryzjer-online","14":"tag-kurs-zawodowy","16":"tag-kursy-kwalifikacyjne","17":"tag-kursy-online","18":"tag-kwalifikacje","19":"tag-szkolenia-online","20":"tag-wykonywanie-zabiegow-fryzjerskich"},"aioseo_notices":[],"modified_by":"digital","_links":{"self":[{"href":"https:\/\/kkz.edu.pl\/aktualnosci\/wp-json\/wp\/v2\/posts\/1521","targetHints":{"allow":["GET"]}}],"collection":[{"href":"https:\/\/kkz.edu.pl\/aktualnosci\/wp-json\/wp\/v2\/posts"}],"about":[{"href":"https:\/\/kkz.edu.pl\/aktualnosci\/wp-json\/wp\/v2\/types\/post"}],"author":[{"embeddable":true,"href":"https:\/\/kkz.edu.pl\/aktualnosci\/wp-json\/wp\/v2\/users\/1"}],"replies":[{"embeddable":true,"href":"https:\/\/kkz.edu.pl\/aktualnosci\/wp-json\/wp\/v2\/comments?post=1521"}],"version-history":[{"count":2,"href":"https:\/\/kkz.edu.pl\/aktualnosci\/wp-json\/wp\/v2\/posts\/1521\/revisions"}],"predecessor-version":[{"id":1751,"href":"https:\/\/kkz.edu.pl\/aktualnosci\/wp-json\/wp\/v2\/posts\/1521\/revisions\/1751"}],"wp:featuredmedia":[{"embeddable":true,"href":"https:\/\/kkz.edu.pl\/aktualnosci\/wp-json\/wp\/v2\/media\/1522"}],"wp:attachment":[{"href":"https:\/\/kkz.edu.pl\/aktualnosci\/wp-json\/wp\/v2\/media?parent=1521"}],"wp:term":[{"taxonomy":"category","embeddable":true,"href":"https:\/\/kkz.edu.pl\/aktualnosci\/wp-json\/wp\/v2\/categories?post=1521"},{"taxonomy":"post_tag","embeddable":true,"href":"https:\/\/kkz.edu.pl\/aktualnosci\/wp-json\/wp\/v2\/tags?post=1521"}],"curies":[{"name":"wp","href":"https:\/\/api.w.org\/{rel}","templated":true}]}}