{"id":1544,"date":"2019-03-04T23:17:18","date_gmt":"2019-03-04T22:17:18","guid":{"rendered":"https:\/\/kkz.edu.pl\/aktualnosci\/?p=1544"},"modified":"2024-06-26T12:24:30","modified_gmt":"2024-06-26T10:24:30","slug":"kurs-technik-uslug-fryzjerskich-au-21-i-au-26-wroclaw","status":"publish","type":"post","link":"https:\/\/kkz.edu.pl\/aktualnosci\/kurs-technik-uslug-fryzjerskich-au-21-i-au-26-wroclaw\/","title":{"rendered":"Kurs technik us\u0142ug fryzjerskich AU.21 i AU.26 Wroc\u0142aw"},"content":{"rendered":"<p>Wi\u0119cej informacji na temat kursu znajdziesz na stronie: <a href=\"https:\/\/kkz.edu.pl\/kursy\/224\/technik-uslug-fryzjerskich-514105-kurs-kwalifikacyjny-zawodowy-au21-au26\"><a href=\"https:\/\/kkz.edu.pl\/kursy\/224\/technik-uslug-fryzjerskich-514105-kurs-kwalifikacyjny-zawodowy-au21-au26\/src-BlogWroc\u0142aw\">https:\/\/kkz.edu.pl\/kursy\/224\/technik-uslug-fryzjerskich-514105-kurs-kwalifikacyjny-zawodowy-au21-au26\/src-BlogWroc\u0142aw<\/a><\/a><\/p>\n<p>Zaw\u00f3d technika us\u0142ug fryzjerskich jest bardzo wymagaj\u0105cy, ale daje du\u017co satysfakcji &#8211; z pewno\u015bci\u0105 potwierdz\u0105 to wszystkie osoby pracuj\u0105ce w bran\u017cy. W tej pracy odnajd\u0105 si\u0119 w szczeg\u00f3lno\u015bci osoby pomys\u0142owe, kt\u00f3re posiadaj\u0105 naturalne wyczucie estetyki i pi\u0119kna, a tak\u017ce pasjonuj\u0105 si\u0119 bran\u017c\u0105 zwi\u0105zan\u0105 z urod\u0105 oraz prac\u0105 z klientem. Od potencjalnych kandydat\u00f3w na takie stanowisko wymaga si\u0119 przede wszystkim bardzo du\u017cej samodzielno\u015bci i dobrej organizacji pracy w\u0142asnej, a tak\u017ce wysokiej komunikatywno\u015bci. Przydaj\u0105 si\u0119 tak\u017ce w znaczny spos\u00f3b zdolno\u015bci manualne, gdy\u017c wi\u0119kszo\u015b\u0107 zabieg\u00f3w wymaga wysokiej precyzji, jak r\u00f3wnie\u017c odwaga i kreatywno\u015b\u0107.<\/p>\n<p>Sprostanie du\u017cym wymaganiom klient\u00f3w z pewno\u015bci\u0105 nie jest \u0142atwe, ale stawia technika us\u0142ug fryzjerskich jako artyst\u0119 i daje szerokie perspektywy rozwoju. Aby m\u00f3c pracowa\u0107 w zawodzie niezb\u0119dne jest posiadanie kwalifikacji oraz odpowiednich umiej\u0119tno\u015bci, kt\u00f3re dotycz\u0105 mi\u0119dzy innymi wykonywania zabieg\u00f3w piel\u0119gnacyjnych w\u0142os\u00f3w oraz sk\u00f3ry g\u0142owy, dokonywania koloryzacji i rozja\u015bniania w\u0142os\u00f3w czy przeprowadzania doradztwa dla klient\u00f3w z zakresu odpowiedniego doboru oraz stylizacji fryzury.<\/p>\n<p>Aby m\u00f3c sprosta\u0107 zawodowym obowi\u0105zkom niezb\u0119dne jest uczestnictwo w specjalistycznym w szkoleniu oraz uzyskanie certyfikatu b\u0119d\u0105cego potwierdzeniem zdobytych kwalifikacji zawodowych. W ostatnim czasie kurs technik us\u0142ug fryzjerskich odby\u0142 si\u0119 mi\u0119dzy innymi na terenie Wroc\u0142awia &#8211; z oferty skorzysta\u0142o w\u00f3wczas wiele os\u00f3b, ale niestety z racji lokalizacji z pewno\u015bci\u0105 nie wszyscy zainteresowani mogli sobie pozwoli\u0107 na uczestnictwo w szkoleniu. Doskona\u0142\u0105 alternatyw\u0105 i rozwi\u0105zaniem dla wszystkich potencjalnych kandydat\u00f3w na stanowisko technika us\u0142ug fryzjerskich s\u0105 kursy internetowe realizowane przez Zesp\u00f3\u0142 Szk\u00f3\u0142 KKZ, kt\u00f3re charakteryzuj\u0105 si\u0119 bardzo wysokim profesjonalizmem oraz doskona\u0142\u0105 organizacj\u0105.<\/p>\n<p>Jak zosta\u0142o to ju\u017c wspomniane jest to kurs internetowy, czyli odbywaj\u0105cy si\u0119 z wykorzystaniem platformy e-learningowej. Pozwala to w znaczny spos\u00f3b ograniczy\u0107 konieczno\u015b\u0107 k\u0142opotliwych dojazd\u00f3w (co niestety jest nieuniknione w przypadku kurs\u00f3w stacjonarnych) oraz jest doskona\u0142ym rozwi\u0105zaniem dla os\u00f3b mieszkaj\u0105cych w ma\u0142ych miejscowo\u015bciach, gdzie tego typu kursy nie s\u0105 organizowane. Kurs na technika us\u0142ug fryzjerskich realizowany przez Szko\u0142\u0119 KKZ pozwala na uzyskanie kwalifikacji zawodowych w zakresie projektowania fryzur oraz wykonywania zabieg\u00f3w fryzjerskich, kt\u00f3re wed\u0142ug nowej podstawy programowej, kt\u00f3ra realizowana jest w trakcie szkolenia zgodnie z wytycznymi Ministerstwa Edukacji Narodowej, okre\u015blane s\u0105 kodem Kurs AU.21 i Kurs AU.26.<\/p>\n<p>W trakcie szkolenia realizowane s\u0105 zar\u00f3wno zagadnienia teoretyczne jak i praktyczne co pozwala na rzetelne przygotowanie do pe\u0142nienia zawodu. W\u015br\u00f3d walor\u00f3w kursu nale\u017cy r\u00f3wnie\u017c wymieni\u0107 fakt, \u017ce posiada on certyfikat ISO, kt\u00f3ry jest potwierdzeniem wysokiego standardu szkolenie oraz gwarancj\u0105 zadowolenia uczestnik\u00f3w &#8211; potwierdzaj\u0105 to r\u00f3wnie\u017c zadowolone opinie absolwent\u00f3w kurs\u00f3w.<\/p>\n","protected":false},"excerpt":{"rendered":"<p>Wi\u0119cej informacji na temat kursu znajdziesz na stronie: Zaw\u00f3d technika us\u0142ug fryzjerskich jest bardzo wymagaj\u0105cy, ale daje du\u017co satysfakcji &#8211; z pewno\u015bci\u0105 potwierdz\u0105 to wszystkie osoby pracuj\u0105ce w bran\u017cy. W tej pracy odnajd\u0105 si\u0119 w szczeg\u00f3lno\u015bci osoby pomys\u0142owe, kt\u00f3re posiadaj\u0105 naturalne wyczucie estetyki i pi\u0119kna, a tak\u017ce pasjonuj\u0105 si\u0119 bran\u017c\u0105 zwi\u0105zan\u0105 z urod\u0105 oraz prac\u0105 [&hellip;]<\/p>\n","protected":false},"author":1,"featured_media":1545,"comment_status":"closed","ping_status":"closed","sticky":false,"template":"","format":"standard","meta":{"_lmt_disableupdate":"","_lmt_disable":"","footnotes":""},"categories":[3862],"tags":[2977,3017,3023,3022,854,1711,2516,3016,1056,2991,3024,2338],"class_list":["post-1544","post","type-post","status-publish","format-standard","has-post-thumbnail","hentry","category-branza-beauty","tag-kurs-au-21","tag-kurs-au-26","tag-kurs-technik-uslug-fryzjerskich-we-wroclawiu","tag-kurs-technik-uslug-fryzjerskich-wroclaw","tag-kursy-online","tag-kursy-we-wroclawiu","tag-technik","tag-uslugi-fryzjerskie","tag-wroclaw","tag-wroclaw-fryzjer","tag-wroclaw-kurs-technik-uslug-fryzjerskich","tag-wroclaw-praca"],"aioseo_notices":[],"modified_by":"digital","_links":{"self":[{"href":"https:\/\/kkz.edu.pl\/aktualnosci\/wp-json\/wp\/v2\/posts\/1544","targetHints":{"allow":["GET"]}}],"collection":[{"href":"https:\/\/kkz.edu.pl\/aktualnosci\/wp-json\/wp\/v2\/posts"}],"about":[{"href":"https:\/\/kkz.edu.pl\/aktualnosci\/wp-json\/wp\/v2\/types\/post"}],"author":[{"embeddable":true,"href":"https:\/\/kkz.edu.pl\/aktualnosci\/wp-json\/wp\/v2\/users\/1"}],"replies":[{"embeddable":true,"href":"https:\/\/kkz.edu.pl\/aktualnosci\/wp-json\/wp\/v2\/comments?post=1544"}],"version-history":[{"count":2,"href":"https:\/\/kkz.edu.pl\/aktualnosci\/wp-json\/wp\/v2\/posts\/1544\/revisions"}],"predecessor-version":[{"id":1759,"href":"https:\/\/kkz.edu.pl\/aktualnosci\/wp-json\/wp\/v2\/posts\/1544\/revisions\/1759"}],"wp:featuredmedia":[{"embeddable":true,"href":"https:\/\/kkz.edu.pl\/aktualnosci\/wp-json\/wp\/v2\/media\/1545"}],"wp:attachment":[{"href":"https:\/\/kkz.edu.pl\/aktualnosci\/wp-json\/wp\/v2\/media?parent=1544"}],"wp:term":[{"taxonomy":"category","embeddable":true,"href":"https:\/\/kkz.edu.pl\/aktualnosci\/wp-json\/wp\/v2\/categories?post=1544"},{"taxonomy":"post_tag","embeddable":true,"href":"https:\/\/kkz.edu.pl\/aktualnosci\/wp-json\/wp\/v2\/tags?post=1544"}],"curies":[{"name":"wp","href":"https:\/\/api.w.org\/{rel}","templated":true}]}}