{"id":2037,"date":"2019-05-14T22:25:23","date_gmt":"2019-05-14T20:25:23","guid":{"rendered":"https:\/\/kkz.edu.pl\/aktualnosci\/?p=2037"},"modified":"2024-06-26T10:58:57","modified_gmt":"2024-06-26T08:58:57","slug":"kurs-technik-fotografii-i-multimediow-au-23-i-au-28-wroclaw","status":"publish","type":"post","link":"https:\/\/kkz.edu.pl\/aktualnosci\/kurs-technik-fotografii-i-multimediow-au-23-i-au-28-wroclaw\/","title":{"rendered":"Kurs technik fotografii i multimedi\u00f3w AU.23 i AU.28 Wroc\u0142aw"},"content":{"rendered":"<p>Wi\u0119cej informacji na temat kursu znajdziesz na stronie: <a href=\"https:\/\/kkz.edu.pl\/kursy\/315\/technik-fotografii-i-multimediow-343105-kurs-kwalifikacyjny-zawodowy-au23--au28\"><a href=\"https:\/\/kkz.edu.pl\/kursy\/315\/technik-fotografii-i-multimediow-343105-kurs-kwalifikacyjny-zawodowy-au23--au28\/src-BlogWroc\u0142aw\">https:\/\/kkz.edu.pl\/kursy\/315\/technik-fotografii-i-multimediow-343105-kurs-kwalifikacyjny-zawodowy-au23--au28\/src-BlogWroc\u0142aw<\/a><\/a><\/p>\n<p>Zaw\u00f3d technika fotografii i multimedi\u00f3w od wielu lat wci\u0105\u017c zyskuje na swojej popularno\u015bci \u2013 dla os\u00f3b z takim wykszta\u0142ceniem jawi\u0105 si\u0119 bardzo szerokie perspektywy zawodowe i mo\u017cliwo\u015b\u0107 zatrudnienia w wielu miejscach. Nie bez znaczenia s\u0105 tak\u017ce bardzo dobre warunki finansowe oraz fakt, \u017ce praca w tej bran\u017cy jest bardzo ciekawa oraz satysfakcjonuj\u0105ca i niesie ze sob\u0105 wiele pasjonuj\u0105cych wyzwa\u0144 zawodowych. W ostatnim czasie we Wroc\u0142awiu odby\u0142 si\u0119 kwalifikacyjny kurs technik fotografii i multimedi\u00f3w z kt\u00f3rego skorzysta\u0142o wielu zainteresowanych os\u00f3b. Niestety ze wzgl\u0119du na niezbyt dogodny termin (okres \u015bwi\u0105teczny) oraz ograniczona ilo\u015b\u0107 miejsc nie wszyscy zainteresowani mogli skorzysta\u0107 z tego szkolenia.<\/p>\n<p>Bior\u0105c pod uwag\u0119 rosn\u0105ce potrzeby rynku i zapotrzebowanie na specjalist\u00f3w wykwalifikowanych w tym sektorze Zesp\u00f3\u0142 Szk\u00f3\u0142 KKZ (jednostka wpisana do plac\u00f3wek o\u015bwiatowych i edukacyjnych) postanowi\u0142 przygotowa\u0107 kwalifikacyjny kurs zawodowy na technika fotografii i multimedi\u00f3w, kt\u00f3ry odbywa si\u0119 za pomoc\u0105 internetowej platformy e-learningowej. Mo\u017cliwo\u015b\u0107 elastycznego dopasowania trybu i formy nauki do indywidualnych preferencji oraz potrzeb ka\u017cdego uczestnika, a tak\u017ce brak konieczno\u015bci k\u0142opotliwych dojazd\u00f3w to niew\u0105tpliwie najwa\u017cniejsze zalety tego szkolenia. Dodatkowo kurs pozwala uzyska\u0107 wykszta\u0142cenie kierunkowe w znacznie kr\u00f3tszym czasie, co stanowi bardzo dobr\u0105 alternatyw\u0119 dla szk\u00f3\u0142 policealnych w kt\u00f3rych kszta\u0142cenie zazwyczaj trwa 2 lata.<\/p>\n<p>Kurs technik fotografii i multimedi\u00f3w realizowany przez Szko\u0142y KKZ kompleksowo przygotowuje do pe\u0142nienia zawodu oraz do stawienia czo\u0142a wszystkim zawodowym obowi\u0105zkom i trudno\u015bciom. W trakcie kursu realizowana jest nowa podstawa programowa wyznaczona przez Ministerstwo Edukacji Narodowej, kt\u00f3ra pozwala uzyska\u0107 kwalifikacje zawodowe w zakresie rejestracji, obr\u00f3bki i publikacji obraz\u00f3w (s\u0105 to kwalifikacje oznaczone kodem Kurs AU.23) oraz realizacji projekt\u00f3w multimedialnych (kwalifikacje oznaczone odpowiednio kodem Kurs AU.28). Podczas kursu omawiane s\u0105 zagadnienia zar\u00f3wno teoretyczne, jak i praktyczne (na przyk\u0142ad zwi\u0105zane z obs\u0142ug\u0105 podstawowego sprz\u0119tu fototechnicznego).<\/p>\n<p>Jak ka\u017cdy inny kurs dost\u0119pny w ofercie Zespo\u0142u Szk\u00f3\u0142 KKZ, szkolenie na technika fotografii i multimedi\u00f3w posiada certyfikat ISO potwierdzaj\u0105cy wysok\u0105 jako\u015b\u0107 kszta\u0142cenia. Po zako\u0144czeniu kursu ka\u017cdy jego absolwent otrzymuje dokumentacj\u0119 potwierdzaj\u0105c\u0105 podj\u0119cie nauki i spe\u0142nienie efekt\u00f3w kszta\u0142cenia &#8211; za\u015bwiadczenia wydawane s\u0105 na druku rekomendowanym przez MEN i s\u0105 powszechnie respektowane na terenie Polski. Osoby po kursie mog\u0105 znale\u017a\u0107 pracy mi\u0119dzy innymi w laboratoriach i zak\u0142adach fotograficznych, wydawnictwach, a tak\u017ce w studiach graficznych, telewizyjnych oraz agencjach prasowych.<\/p>\n","protected":false},"excerpt":{"rendered":"<p>Wi\u0119cej informacji na temat kursu znajdziesz na stronie: Zaw\u00f3d technika fotografii i multimedi\u00f3w od wielu lat wci\u0105\u017c zyskuje na swojej popularno\u015bci \u2013 dla os\u00f3b z takim wykszta\u0142ceniem jawi\u0105 si\u0119 bardzo szerokie perspektywy zawodowe i mo\u017cliwo\u015b\u0107 zatrudnienia w wielu miejscach. Nie bez znaczenia s\u0105 tak\u017ce bardzo dobre warunki finansowe oraz fakt, \u017ce praca w tej bran\u017cy [&hellip;]<\/p>\n","protected":false},"author":1,"featured_media":2038,"comment_status":"closed","ping_status":"closed","sticky":false,"template":"","format":"standard","meta":{"_lmt_disableupdate":"","_lmt_disable":"","footnotes":""},"categories":[3872],"tags":[3616,3614,3615,3618,3617,3619,3613,3611,3610,854,1711,1056,3612,2338],"class_list":["post-2037","post","type-post","status-publish","format-standard","has-post-thumbnail","hentry","category-informatyka-i-multimedia","tag-fotografia-i-multimedia","tag-kurs-au-23","tag-kurs-au-28","tag-kurs-dla-fotografow","tag-kurs-fotografii","tag-kurs-fotografii-i-multimediow","tag-kurs-technik-fotografii-i-multimediow-online","tag-kurs-technik-fotografii-i-multimediow-we-wroclawiu","tag-kurs-technik-fotografii-i-multimediow-wroclaw","tag-kursy-online","tag-kursy-we-wroclawiu","tag-wroclaw","tag-wroclaw-kurs-technik-fotografii-i-multimediow","tag-wroclaw-praca"],"aioseo_notices":[],"modified_by":"digital","_links":{"self":[{"href":"https:\/\/kkz.edu.pl\/aktualnosci\/wp-json\/wp\/v2\/posts\/2037","targetHints":{"allow":["GET"]}}],"collection":[{"href":"https:\/\/kkz.edu.pl\/aktualnosci\/wp-json\/wp\/v2\/posts"}],"about":[{"href":"https:\/\/kkz.edu.pl\/aktualnosci\/wp-json\/wp\/v2\/types\/post"}],"author":[{"embeddable":true,"href":"https:\/\/kkz.edu.pl\/aktualnosci\/wp-json\/wp\/v2\/users\/1"}],"replies":[{"embeddable":true,"href":"https:\/\/kkz.edu.pl\/aktualnosci\/wp-json\/wp\/v2\/comments?post=2037"}],"version-history":[{"count":1,"href":"https:\/\/kkz.edu.pl\/aktualnosci\/wp-json\/wp\/v2\/posts\/2037\/revisions"}],"predecessor-version":[{"id":2039,"href":"https:\/\/kkz.edu.pl\/aktualnosci\/wp-json\/wp\/v2\/posts\/2037\/revisions\/2039"}],"wp:featuredmedia":[{"embeddable":true,"href":"https:\/\/kkz.edu.pl\/aktualnosci\/wp-json\/wp\/v2\/media\/2038"}],"wp:attachment":[{"href":"https:\/\/kkz.edu.pl\/aktualnosci\/wp-json\/wp\/v2\/media?parent=2037"}],"wp:term":[{"taxonomy":"category","embeddable":true,"href":"https:\/\/kkz.edu.pl\/aktualnosci\/wp-json\/wp\/v2\/categories?post=2037"},{"taxonomy":"post_tag","embeddable":true,"href":"https:\/\/kkz.edu.pl\/aktualnosci\/wp-json\/wp\/v2\/tags?post=2037"}],"curies":[{"name":"wp","href":"https:\/\/api.w.org\/{rel}","templated":true}]}}