{"id":2040,"date":"2019-05-14T22:30:20","date_gmt":"2019-05-14T20:30:20","guid":{"rendered":"https:\/\/kkz.edu.pl\/aktualnosci\/?p=2040"},"modified":"2024-06-26T10:58:32","modified_gmt":"2024-06-26T08:58:32","slug":"kurs-technik-fotografii-i-multimediow-au-23-i-au-28","status":"publish","type":"post","link":"https:\/\/kkz.edu.pl\/aktualnosci\/kurs-technik-fotografii-i-multimediow-au-23-i-au-28\/","title":{"rendered":"Kurs Technik fotografii i multimedi\u00f3w AU.23 i AU.28"},"content":{"rendered":"<p>Wi\u0119cej informacji na temat kursu znajdziesz na stronie: <a href=\"https:\/\/kkz.edu.pl\/kursy\/315\/technik-fotografii-i-multimediow-343105-kurs-kwalifikacyjny-zawodowy-au23--au28\"><a href=\"https:\/\/kkz.edu.pl\/kursy\/315\/technik-fotografii-i-multimediow-343105-kurs-kwalifikacyjny-zawodowy-au23--au28\/src-BlogFotMult\">https:\/\/kkz.edu.pl\/kursy\/315\/technik-fotografii-i-multimediow-343105-kurs-kwalifikacyjny-zawodowy-au23--au28\/src-BlogFotMult<\/a><\/a><\/p>\n<p>Fotografia jest obecnie bardzo pr\u0119\u017cnie rozwijaj\u0105cym si\u0119 dzia\u0142em, w kt\u00f3rym zatrudnienie znajduje wiele os\u00f3b. Z us\u0142ug fotografa korzysta si\u0119 obecnie nie tylko w ramach imprez okoliczno\u015bciowych i rodzinnych, ale tak\u017ce celem utrwalenia up\u0142ywaj\u0105cego czasu oraz wa\u017cnych, \u017cyciowych chwil. Wszystko to sprawia, \u017ce us\u0142ugi fotograficzne ciesz\u0105 si\u0119 du\u017c\u0105 popularno\u015bci\u0105 oraz zainteresowaniem ze strony konsument\u00f3w. Znacznie wp\u0142ywa to na popularno\u015b\u0107 samego zawodu fotografa, a tak\u017ce na ilo\u015b\u0107 kandydat\u00f3w, kt\u00f3rzy pragn\u0105 rozpocz\u0105\u0107 karier\u0119 w tej bran\u017cy oraz uzyska\u0107 stabilne zatrudnienie.<\/p>\n<p>Aby m\u00f3c pracowa\u0107 jako technik fotografii i multimedi\u00f3w niezb\u0119dne jest posiadanie okre\u015blonych umiej\u0119tno\u015bci oraz predyspozycji zawodowych. Niew\u0105tpliwie najwa\u017cniejsz\u0105 kompetencj\u0105 osob\u0105 zatrudnionej na takim stanowisko jest obs\u0142uga sprz\u0119tu fototechnicznego oraz audiowizualnego \u2013 mowa tutaj o wysokiej jako\u015bci aparatach fotograficznych i kamerach. Bardzo wa\u017cna jest tak\u017ce umiej\u0119tno\u015b\u0107 obs\u0142ugi maszyn stosowanych przy wywo\u0142ywaniu zdj\u0119\u0107 oraz obr\u00f3bce chemicznej, a tak\u017ce obs\u0142uga fachowych program\u00f3w do cyfrowej obr\u00f3bki fotografii. Wszystkie niezb\u0119dne umiej\u0119tno\u015bci do pracy jako technik fotografii i multimedi\u00f3w mo\u017cna uzyska\u0107 na kwalifikacyjnym kursie zawodowym, kt\u00f3ry jest dost\u0119pny mi\u0119dzy innymi w ofercie Zespo\u0142u Szk\u00f3\u0142 KKZ. Kurs na technika fotografii i multimedi\u00f3w to nowoczesne szkolenie internetowe oparte na platformie e-learningowej.<\/p>\n<p>Ten rodzaj kursu gwarantuje najwy\u017csz\u0105 jako\u015b\u0107 kszta\u0142cenia, a jednocze\u015bnie zapewnia du\u017c\u0105 wygod\u0119 i elastyczno\u015b\u0107 dla ka\u017cdego uczestnika, poniewa\u017c umo\u017cliwia swobodne dopasowanie trybu i czasu po\u015bwi\u0119conego na nauk\u0119 do indywidualnych potrzeb ka\u017cdego kursanta. Kurs realizuje now\u0105 podstaw\u0119 programow\u0105 zgodn\u0105 z wytycznymi Ministerstwa Edukacji Narodowej oraz kompleksowo przygotowuje do pe\u0142nienia zawodu. Ka\u017cdy uczestnik kursu po sko\u0144czonym szkoleniu otrzymuje kwalifikacje zawodowe po\u015bwiadczone stosown\u0105 dokumentacj\u0105 (dyplomem oraz za\u015bwiadczeniem na druku MEN) w zakresie rejestracji, obr\u00f3bki i publikacji obraz\u00f3w (kwalifikacje oznaczone kodem Kurs AU.23) oraz realizacji projekt\u00f3w multimedialnych (Kurs AU.28). Kurs przygotowany jest przez wykwalifikowanych profesjonalist\u00f3w w bran\u017cy oraz posiada certyfikat ISO potwierdzaj\u0105cy wysok\u0105 jako\u015b\u0107 kszta\u0142cenia.<\/p>\n<p>Szkolenie realizowane jest w czasie dogodnym dla ka\u017cdego kursanta \u2013 przeci\u0119tnie trwa ono od 3 do 6 miesi\u0119cy. Dzi\u0119ki temu uzyskanie kwalifikacji zawodowych jest znacznie szybsze ni\u017c nauka w szkole policealnej \u2013 kompetencje oraz umiej\u0119tno\u015bci w kursie internetowym dost\u0119pnym w ofercie Zespo\u0142u Szk\u00f3\u0142 KKZ nie odbiegaj\u0105 jednak od efekt\u00f3w kszta\u0142cenia w typowych jednostkach stacjonarnych.<\/p>\n","protected":false},"excerpt":{"rendered":"<p>Wi\u0119cej informacji na temat kursu znajdziesz na stronie: Fotografia jest obecnie bardzo pr\u0119\u017cnie rozwijaj\u0105cym si\u0119 dzia\u0142em, w kt\u00f3rym zatrudnienie znajduje wiele os\u00f3b. Z us\u0142ug fotografa korzysta si\u0119 obecnie nie tylko w ramach imprez okoliczno\u015bciowych i rodzinnych, ale tak\u017ce celem utrwalenia up\u0142ywaj\u0105cego czasu oraz wa\u017cnych, \u017cyciowych chwil. Wszystko to sprawia, \u017ce us\u0142ugi fotograficzne ciesz\u0105 si\u0119 du\u017c\u0105 [&hellip;]<\/p>\n","protected":false},"author":1,"featured_media":2041,"comment_status":"closed","ping_status":"closed","sticky":false,"template":"","format":"standard","meta":{"_lmt_disableupdate":"","_lmt_disable":"","footnotes":""},"categories":[3872],"tags":[3616,3614,3615,3618,3623,3625,3620,3613,2595,3624,2548,854,3621,3622],"class_list":["post-2040","post","type-post","status-publish","format-standard","has-post-thumbnail","hentry","category-informatyka-i-multimedia","tag-fotografia-i-multimedia","tag-kurs-au-23","tag-kurs-au-28","tag-kurs-dla-fotografow","tag-kurs-dla-grafikow","tag-kurs-fotografia-i-multimedia","tag-kurs-technik-fotografii-i-multimediow","tag-kurs-technik-fotografii-i-multimediow-online","tag-kurs-zawodowy","tag-kursy-fotograficzne","tag-kursy-kwalifikacyjne","tag-kursy-online","tag-technik-fotografii","tag-technik-multimediow"],"aioseo_notices":[],"modified_by":"digital","_links":{"self":[{"href":"https:\/\/kkz.edu.pl\/aktualnosci\/wp-json\/wp\/v2\/posts\/2040","targetHints":{"allow":["GET"]}}],"collection":[{"href":"https:\/\/kkz.edu.pl\/aktualnosci\/wp-json\/wp\/v2\/posts"}],"about":[{"href":"https:\/\/kkz.edu.pl\/aktualnosci\/wp-json\/wp\/v2\/types\/post"}],"author":[{"embeddable":true,"href":"https:\/\/kkz.edu.pl\/aktualnosci\/wp-json\/wp\/v2\/users\/1"}],"replies":[{"embeddable":true,"href":"https:\/\/kkz.edu.pl\/aktualnosci\/wp-json\/wp\/v2\/comments?post=2040"}],"version-history":[{"count":1,"href":"https:\/\/kkz.edu.pl\/aktualnosci\/wp-json\/wp\/v2\/posts\/2040\/revisions"}],"predecessor-version":[{"id":2042,"href":"https:\/\/kkz.edu.pl\/aktualnosci\/wp-json\/wp\/v2\/posts\/2040\/revisions\/2042"}],"wp:featuredmedia":[{"embeddable":true,"href":"https:\/\/kkz.edu.pl\/aktualnosci\/wp-json\/wp\/v2\/media\/2041"}],"wp:attachment":[{"href":"https:\/\/kkz.edu.pl\/aktualnosci\/wp-json\/wp\/v2\/media?parent=2040"}],"wp:term":[{"taxonomy":"category","embeddable":true,"href":"https:\/\/kkz.edu.pl\/aktualnosci\/wp-json\/wp\/v2\/categories?post=2040"},{"taxonomy":"post_tag","embeddable":true,"href":"https:\/\/kkz.edu.pl\/aktualnosci\/wp-json\/wp\/v2\/tags?post=2040"}],"curies":[{"name":"wp","href":"https:\/\/api.w.org\/{rel}","templated":true}]}}