{"id":2043,"date":"2019-05-15T22:35:46","date_gmt":"2019-05-15T20:35:46","guid":{"rendered":"https:\/\/kkz.edu.pl\/aktualnosci\/?p=2043"},"modified":"2024-09-18T14:46:48","modified_gmt":"2024-09-18T12:46:48","slug":"technik-fotografii-i-multimediow-zarobki","status":"publish","type":"post","link":"https:\/\/kkz.edu.pl\/aktualnosci\/technik-fotografii-i-multimediow-zarobki\/","title":{"rendered":"Technik fotografii i multimedi\u00f3w zarobki"},"content":{"rendered":"<p>Wi\u0119cej informacji na temat kursu znajdziesz na stronie: <a href=\"https:\/\/kkz.edu.pl\/kursy\/315\/technik-fotografii-i-multimediow-343105-kurs-kwalifikacyjny-zawodowy-au23--au28\"><a href=\"https:\/\/kkz.edu.pl\/kursy\/315\/technik-fotografii-i-multimediow-343105-kurs-kwalifikacyjny-zawodowy-au23--au28\/src-BlogZarobki\">https:\/\/kkz.edu.pl\/kursy\/315\/technik-fotografii-i-multimediow-343105-kurs-kwalifikacyjny-zawodowy-au23--au28\/src-BlogZarobki<\/a><\/a><\/p>\n<p>Technik fotografii i multimedi\u00f3w to w ostatnim czasie zaw\u00f3d ciesz\u0105cy si\u0119 bardzo du\u017cym uznaniem oraz popularno\u015bci\u0105. Zdecydowanie na ten fakt wp\u0142ywa przede wszystkim to \u017ce osoba zatrudniona w tej bran\u017cy mo\u017ce liczy\u0107 na bardzo dobre wynagrodzenie finansowe kt\u00f3re jest w du\u017cej mierze uzale\u017cnione od miejsca zatrudnienia. Perspektywy zawodowe dla technika fotografii i multimedi\u00f3w s\u0105 bardzo szerokie. Osoba z wykszta\u0142ceniem kierunkowym mo\u017ce liczy\u0107 na zatrudnienie mi\u0119dzy innymi w studiach graficznych i filmowych w sektorze telewizyjnym w wydawnictwa gazet oraz czasopism r\u00f3\u017cnego typu laboratoriach naukowych a tak\u017ce w sektorze zwi\u0105zane z obs\u0142ug\u0105 internetu czy projektowaniem witryn internetowych.<\/p>\n<p>Dodatkowo ka\u017cdy technik fotografii i multimedi\u00f3w mo\u017ce oczywi\u015bcie za\u0142o\u017cy\u0107 w\u0142asn\u0105 dzia\u0142alno\u015b\u0107 gospodarcz\u0105 i \u015bwiadczy\u0107 us\u0142ugi w zakresie fotografii czy us\u0142ug cyfrowych. Wynagrodzenie w bran\u017cy zaczyna si\u0119 od 3000 netto na r\u0119k\u0119 na wi\u0119ksz\u0105 stawk\u0119 mog\u0105 liczy\u0107 osoby wysoko wykwalifikowane oraz du\u017cym do\u015bwiadczeniem w bran\u017cy. Aby m\u00f3c pracowa\u0107 jako technik fotografii i multimedi\u00f3w nale\u017cy posiada\u0107 oczywi\u015bcie odpowiedni wykszta\u0142cenie zawodowe a tak\u017ce posiada\u0107 wiedz\u0119 na temat pos\u0142ugiwania si\u0119 sprz\u0119tem foto technicznymi audiowizualnym oraz zna\u0107 zasady obs\u0142ugi maszyn stosowanych przy obr\u00f3bce zar\u00f3wno chemicznej jaki cyfrowej. W\u015br\u00f3d polecanych szczerze kariery znajduje si\u0119 mi\u0119dzy innymi udzia\u0142 w specjalistycznym kursie zawodowym kt\u00f3ry na polskim rynku dost\u0119pny jest mi\u0119dzy innymi w ofercie zespo\u0142u szk\u00f3\u0142 KKZ.<\/p>\n<p>Przygotowany przez t\u0105 jednostk\u0119 edukacyjn\u0105 kurs jest szkoleniem internetowym kt\u00f3re odbywa si\u0119 z wykorzystaniem nowoczesnych form przekazu i platformy e-learningowej. Zakres materia\u0142u obejmuje zar\u00f3wno zagadnienia teoretyczne jak i praktyczne, a Efektywno\u015b\u0107 nauki i jest uzale\u017cnione w du\u017cej mierze od zaanga\u017cowania ka\u017cdego kursanta. Internetowy kurs kwalifikacyjny na technika fotografii i multimedi\u00f3w prowadzony jest zgodnie z wytycznymi Ministerstwa Edukacji Narodowej oraz realizuje now\u0105 podstaw\u0119 programow\u0105. Szkolenie Posiada certyfikat ISO potwierdzaj\u0105cy wysok\u0105 jako\u015b\u0107 kszta\u0142cenia.<\/p>\n<p>Po zako\u0144czeniu kursu ka\u017cdy uczestnik otrzymuje kwalifikacje zawodowe w zakresie rejestracji obr\u00f3bki i publikacji obrazu oraz realizacji projekt\u00f3w multimedialnych. Kompetencje zawodowe potwierdzone s\u0105 stosown\u0105 dokumentacj\u0105, a Za\u015bwiadczenia wydawane s\u0105 na druku MEN oraz s\u0105 powszechnie respektowane przez wszystkich pracodawc\u00f3w w kraju oraz za granic\u0105. Udzia\u0142 w szkoleniu gwarantuje kompleksowe przygotowanie do zawodu a Nauka jest znacznie kr\u00f3tsza ani\u017celi Ma to miejsce w typowych szko\u0142ach policealnych czy studium zawodowym.<\/p>\n","protected":false},"excerpt":{"rendered":"<p>Wi\u0119cej informacji na temat kursu znajdziesz na stronie: Technik fotografii i multimedi\u00f3w to w ostatnim czasie zaw\u00f3d ciesz\u0105cy si\u0119 bardzo du\u017cym uznaniem oraz popularno\u015bci\u0105. Zdecydowanie na ten fakt wp\u0142ywa przede wszystkim to \u017ce osoba zatrudniona w tej bran\u017cy mo\u017ce liczy\u0107 na bardzo dobre wynagrodzenie finansowe kt\u00f3re jest w du\u017cej mierze uzale\u017cnione od miejsca zatrudnienia. Perspektywy [&hellip;]<\/p>\n","protected":false},"author":1,"featured_media":2044,"comment_status":"closed","ping_status":"closed","sticky":false,"template":"","format":"standard","meta":{"_lmt_disableupdate":"","_lmt_disable":"","footnotes":""},"categories":[3872],"tags":[3629,3628,3614,3615,2595,3630,2548,854,3627,3626,1872,2897,2674],"class_list":["post-2043","post","type-post","status-publish","format-standard","has-post-thumbnail","hentry","category-informatyka-i-multimedia","tag-fotografia-i-multimedia-zarobki","tag-ile-zarabia-technik-fotografii-i-multimediow","tag-kurs-au-23","tag-kurs-au-28","tag-kurs-zawodowy","tag-kursy-dla-fotografow","tag-kursy-kwalifikacyjne","tag-kursy-online","tag-technik-fotografii-i-multimediow","tag-technik-fotografii-i-multimediow-zarobki","tag-zarobki","tag-zarobki-brutto","tag-zarobki-miesieczne"],"aioseo_notices":[],"modified_by":"digital","_links":{"self":[{"href":"https:\/\/kkz.edu.pl\/aktualnosci\/wp-json\/wp\/v2\/posts\/2043","targetHints":{"allow":["GET"]}}],"collection":[{"href":"https:\/\/kkz.edu.pl\/aktualnosci\/wp-json\/wp\/v2\/posts"}],"about":[{"href":"https:\/\/kkz.edu.pl\/aktualnosci\/wp-json\/wp\/v2\/types\/post"}],"author":[{"embeddable":true,"href":"https:\/\/kkz.edu.pl\/aktualnosci\/wp-json\/wp\/v2\/users\/1"}],"replies":[{"embeddable":true,"href":"https:\/\/kkz.edu.pl\/aktualnosci\/wp-json\/wp\/v2\/comments?post=2043"}],"version-history":[{"count":1,"href":"https:\/\/kkz.edu.pl\/aktualnosci\/wp-json\/wp\/v2\/posts\/2043\/revisions"}],"predecessor-version":[{"id":2045,"href":"https:\/\/kkz.edu.pl\/aktualnosci\/wp-json\/wp\/v2\/posts\/2043\/revisions\/2045"}],"wp:featuredmedia":[{"embeddable":true,"href":"https:\/\/kkz.edu.pl\/aktualnosci\/wp-json\/wp\/v2\/media\/2044"}],"wp:attachment":[{"href":"https:\/\/kkz.edu.pl\/aktualnosci\/wp-json\/wp\/v2\/media?parent=2043"}],"wp:term":[{"taxonomy":"category","embeddable":true,"href":"https:\/\/kkz.edu.pl\/aktualnosci\/wp-json\/wp\/v2\/categories?post=2043"},{"taxonomy":"post_tag","embeddable":true,"href":"https:\/\/kkz.edu.pl\/aktualnosci\/wp-json\/wp\/v2\/tags?post=2043"}],"curies":[{"name":"wp","href":"https:\/\/api.w.org\/{rel}","templated":true}]}}