{"id":2046,"date":"2019-05-15T22:41:51","date_gmt":"2019-05-15T20:41:51","guid":{"rendered":"https:\/\/kkz.edu.pl\/aktualnosci\/?p=2046"},"modified":"2024-09-18T14:48:22","modified_gmt":"2024-09-18T12:48:22","slug":"technik-fotografii-i-multimediow-kwalifikacje","status":"publish","type":"post","link":"https:\/\/kkz.edu.pl\/aktualnosci\/technik-fotografii-i-multimediow-kwalifikacje\/","title":{"rendered":"Technik fotografii i multimedi\u00f3w kwalifikacje"},"content":{"rendered":"<p>Wi\u0119cej informacji na temat kursu znajdziesz na stronie: <a href=\"https:\/\/kkz.edu.pl\/kursy\/315\/technik-fotografii-i-multimediow-343105-kurs-kwalifikacyjny-zawodowy-au23--au28\"><a href=\"https:\/\/kkz.edu.pl\/kursy\/315\/technik-fotografii-i-multimediow-343105-kurs-kwalifikacyjny-zawodowy-au23--au28\/src-BlogKwalif\">https:\/\/kkz.edu.pl\/kursy\/315\/technik-fotografii-i-multimediow-343105-kurs-kwalifikacyjny-zawodowy-au23--au28\/src-BlogKwalif<\/a><\/a><\/p>\n<p>Technik fotografii i multimedi\u00f3w to osoba, kt\u00f3ra mo\u017ce znale\u017a\u0107 zatrudnienie nie tylko w zak\u0142adach fotograficznych i cyfrowych, ale r\u00f3wnie\u017c mi\u0119dzy innymi w agencjach reklamowych, w telewizji i wytw\u00f3rniach filmowych, w wydawnictwach, agencjach obs\u0142ugi klienta i o\u015brodkach kulturowych. Tak szerokie mo\u017cliwo\u015bci potencjalnego zatrudnienia daj\u0105 bardzo du\u017ce perspektywy zawodowe &#8211; nic wi\u0119c dziwnego w tym, \u017ce ka\u017cdego roku kszta\u0142cenie w tym kierunku rozpoczyna wiele m\u0142odych ludzi, a kolejny spory odsetek os\u00f3b zastanawia si\u0119 nad rozpocz\u0119ciem kariery w tej bran\u017cy.<\/p>\n<p>Aby m\u00f3c pracowa\u0107 na stanowisku technika fotografii i multimedi\u00f3w nale\u017cy posiada\u0107 odpowiednie kwalifikacje zawodowe. Wed\u0142ug nowej podstawy programowej osoba zatrudniona na takim stanowisku musi posiada\u0107 kompetencje w zakresie realizacji projekt\u00f3w multimedialnych (kod kwalifikacji Kurs AU.28) oraz w zakresie rejestracji i profesjonalnej obr\u00f3bki oraz publikacji obraz\u00f3w cyfrowych (kod kwalifikacji Kurs AU.23).<\/p>\n<p>Wymagane w zawodzie kwalifikacje mo\u017cna uzyska\u0107 przyst\u0119puj\u0105c do internetowego kursu kwalifikacyjnego realizowanego przez jednostk\u0119 o\u015bwiatow\u0105, jak\u0105 jest Zesp\u00f3\u0142 Szk\u00f3\u0142 KKZ. Wspomniany kurs na technika fotografii i multimedi\u00f3w odbywa si\u0119 z wykorzystaniem nowoczesnej i bardzo \u0142atwej w obs\u0142udze platformy internetowej (tzw. platforma e-learningowa), na kt\u00f3rej zamieszczane s\u0105 przygotowane przez wykwalifikowanych specjalist\u00f3w w bran\u017cy prezentacje, wyk\u0142ady i \u0107wiczenia umo\u017cliwiaj\u0105ce realizacj\u0119 nowej podstawy programowej. Kurs stworzony jest zgodnie z wytycznymi Ministerstwa Edukacji Narodowej, a ka\u017cdy absolwent kursu otrzymuje za\u015bwiadczenie zdobytych kwalifikacji na drukach zgodnych z MEN. W trakcie kursu realizowane s\u0105 zar\u00f3wno zaj\u0119cia teoretyczne, jak i praktyczne, kt\u00f3re w kompleksowy spos\u00f3b przygotowuj\u0105 do zawodowych obowi\u0105zk\u00f3w w zawodzie technika fotografii i multimedi\u00f3w.<\/p>\n<p>Kurs posiada certyfikat ISO po\u015bwiadczaj\u0105cy wysok\u0105 efektywno\u015b\u0107 kszta\u0142cenia oraz du\u017c\u0105 zawarto\u015b\u0107 merytoryczn\u0105 i dydaktyczn\u0105 oferowanych tre\u015bci. Najlepsz\u0105 rekomendacj\u0105 kursu s\u0105 zadowolone opinie i recenzje innych uczestnik\u00f3w, kt\u00f3rzy ju\u017c sko\u0144czyli kszta\u0142cenie. Warto zwr\u00f3ci\u0107 uwag\u0119, \u017ce kurs realizowany przez Zesp\u00f3\u0142 Szk\u00f3\u0142 KKZ na technika fotografii i multimedi\u00f3w to doskona\u0142e rozwi\u0105zanie dla os\u00f3b chc\u0105cych pogodzi\u0107 nauk\u0119 z innymi obowi\u0105zkami. W przeciwie\u0144stwie do nauki w szkole policealnej, uczestnik kursu jest w stanie z pozytywnym efektem zako\u0144czy\u0107 kszta\u0142cenie w ci\u0105gu kilku miesi\u0119cy (w szkole policealnej kszta\u0142cenie trwa za\u0142o\u017cone z g\u00f3ry 2 lata). Uzyskane w trakcie kursu kwalifikacji i kompetencje zawodowe s\u0105 tak samo warto\u015bciowe jak te, kt\u00f3re mog\u0105 by\u0107 zdobyte w trakcie zwyk\u0142ych kurs\u00f3w stacjonarnych.<\/p>\n","protected":false},"excerpt":{"rendered":"<p>Wi\u0119cej informacji na temat kursu znajdziesz na stronie: Technik fotografii i multimedi\u00f3w to osoba, kt\u00f3ra mo\u017ce znale\u017a\u0107 zatrudnienie nie tylko w zak\u0142adach fotograficznych i cyfrowych, ale r\u00f3wnie\u017c mi\u0119dzy innymi w agencjach reklamowych, w telewizji i wytw\u00f3rniach filmowych, w wydawnictwach, agencjach obs\u0142ugi klienta i o\u015brodkach kulturowych. Tak szerokie mo\u017cliwo\u015bci potencjalnego zatrudnienia daj\u0105 bardzo du\u017ce perspektywy zawodowe [&hellip;]<\/p>\n","protected":false},"author":1,"featured_media":2047,"comment_status":"closed","ping_status":"closed","sticky":false,"template":"","format":"standard","meta":{"_lmt_disableupdate":"","_lmt_disable":"","footnotes":""},"categories":[3872],"tags":[3633,3616,3614,3615,3613,2595,3630,3632,2548,854,2555,3634,1642,3627,3631],"class_list":["post-2046","post","type-post","status-publish","format-standard","has-post-thumbnail","hentry","category-informatyka-i-multimedia","tag-fotografia","tag-fotografia-i-multimedia","tag-kurs-au-23","tag-kurs-au-28","tag-kurs-technik-fotografii-i-multimediow-online","tag-kurs-zawodowy","tag-kursy-dla-fotografow","tag-kursy-dla-grafikow","tag-kursy-kwalifikacyjne","tag-kursy-online","tag-kwalifikacje","tag-multimedia","tag-szkolenia-online","tag-technik-fotografii-i-multimediow","tag-technik-fotografii-i-multimediow-kwalifikacje"],"aioseo_notices":[],"modified_by":"digital","_links":{"self":[{"href":"https:\/\/kkz.edu.pl\/aktualnosci\/wp-json\/wp\/v2\/posts\/2046","targetHints":{"allow":["GET"]}}],"collection":[{"href":"https:\/\/kkz.edu.pl\/aktualnosci\/wp-json\/wp\/v2\/posts"}],"about":[{"href":"https:\/\/kkz.edu.pl\/aktualnosci\/wp-json\/wp\/v2\/types\/post"}],"author":[{"embeddable":true,"href":"https:\/\/kkz.edu.pl\/aktualnosci\/wp-json\/wp\/v2\/users\/1"}],"replies":[{"embeddable":true,"href":"https:\/\/kkz.edu.pl\/aktualnosci\/wp-json\/wp\/v2\/comments?post=2046"}],"version-history":[{"count":1,"href":"https:\/\/kkz.edu.pl\/aktualnosci\/wp-json\/wp\/v2\/posts\/2046\/revisions"}],"predecessor-version":[{"id":2048,"href":"https:\/\/kkz.edu.pl\/aktualnosci\/wp-json\/wp\/v2\/posts\/2046\/revisions\/2048"}],"wp:featuredmedia":[{"embeddable":true,"href":"https:\/\/kkz.edu.pl\/aktualnosci\/wp-json\/wp\/v2\/media\/2047"}],"wp:attachment":[{"href":"https:\/\/kkz.edu.pl\/aktualnosci\/wp-json\/wp\/v2\/media?parent=2046"}],"wp:term":[{"taxonomy":"category","embeddable":true,"href":"https:\/\/kkz.edu.pl\/aktualnosci\/wp-json\/wp\/v2\/categories?post=2046"},{"taxonomy":"post_tag","embeddable":true,"href":"https:\/\/kkz.edu.pl\/aktualnosci\/wp-json\/wp\/v2\/tags?post=2046"}],"curies":[{"name":"wp","href":"https:\/\/api.w.org\/{rel}","templated":true}]}}